{"id":41,"date":"2026-01-02T12:34:24","date_gmt":"2026-01-02T12:34:24","guid":{"rendered":"https:\/\/bvm-accounting.be\/?p=41"},"modified":"2026-01-06T14:15:33","modified_gmt":"2026-01-06T14:15:33","slug":"fiscalite-taxe-sur-les-plus-values-et-limaginaire-deduction-des-moins-values","status":"publish","type":"post","link":"https:\/\/bvm-accounting.be\/nl\/2026\/01\/02\/fiscalite-taxe-sur-les-plus-values-et-limaginaire-deduction-des-moins-values\/","title":{"rendered":"Fiscaliteit: belasting op meerwaarden en de denkbeeldige aftrek van minderwaarden!"},"content":{"rendered":"<h2 class=\"wp-block-heading has-lora-font-family\" style=\"font-size:clamp(20px, 1.25rem + ((1vw - 3.2px) * 0.811), 32px);\"><strong>Taxe sur les plus-values : L&rsquo;oubli majeur du d\u00e9bat fiscal<\/strong><\/h2>\n\n\n\n<p class=\"has-lora-font-family\" style=\"font-size:clamp(14px, 0.875rem + ((1vw - 3.2px) * 0.27), 18px);\">C&rsquo;est un serpent de mer de la politique belge : faut-il taxer les plus-values sur actions r\u00e9alis\u00e9es par les particuliers ? Si l&rsquo;id\u00e9e revient r\u00e9guli\u00e8rement sur la table pour des raisons de justice fiscale, un aspect crucial est souvent pass\u00e9 sous silence : la d\u00e9ductibilit\u00e9 des moins-values. BVM Accounting d\u00e9crypte pour vous pourquoi cette r\u00e9forme est bien plus complexe qu&rsquo;il n&rsquo;y para\u00eet.<\/p>\n\n\n\n<h2 class=\"wp-block-heading has-lora-font-family\" style=\"font-size:clamp(20px, 1.25rem + ((1vw - 3.2px) * 0.811), 32px);\"><strong>Un principe de base : la sym\u00e9trie fiscale<\/strong><\/h2>\n\n\n\n<p class=\"has-lora-font-family\" style=\"font-size:clamp(14px, 0.875rem + ((1vw - 3.2px) * 0.27), 18px);\">Aujourd&rsquo;hui, en Belgique, les plus-values sur actions r\u00e9alis\u00e9es dans le cadre de la gestion normale d&rsquo;un patrimoine priv\u00e9 sont g\u00e9n\u00e9ralement exon\u00e9r\u00e9es d&rsquo;imp\u00f4t. Les partisans d&rsquo;une taxation prennent souvent pour mod\u00e8le nos voisins europ\u00e9ens. Cependant, ils omettent souvent le corollaire indispensable : la sym\u00e9trie fiscale. Si l&rsquo;\u00c9tat d\u00e9cide de taxer les gains (plus-values), il doit logiquement autoriser la d\u00e9duction des pertes (moins-values).<\/p>\n\n\n\n<h2 class=\"wp-block-heading has-lora-font-family\" style=\"font-size:clamp(20px, 1.25rem + ((1vw - 3.2px) * 0.811), 32px);\"><strong>L&rsquo;impact cach\u00e9 sur le budget de l&rsquo;\u00c9tat<\/strong><\/h2>\n\n\n\n<p class=\"has-lora-font-family\" style=\"font-size:clamp(14px, 0.875rem + ((1vw - 3.2px) * 0.27), 18px);\">L&rsquo;instauration d&rsquo;une telle taxe est souvent pr\u00e9sent\u00e9e comme une recette miracle pour les caisses de l&rsquo;\u00c9tat. C&rsquo;est un calcul risqu\u00e9. En p\u00e9riode de croissance boursi\u00e8re, les recettes seraient effectivement au rendez-vous. Mais que se passe-t-il en cas de crise financi\u00e8re ou de retournement des march\u00e9s ?<\/p>\n\n\n\n<p class=\"has-lora-font-family\" style=\"font-size:clamp(14px, 0.875rem + ((1vw - 3.2px) * 0.27), 18px);\">Si les investisseurs subissent des pertes massives et peuvent les d\u00e9duire de leurs imp\u00f4ts, les recettes fiscales de l&rsquo;\u00c9tat pourraient s&rsquo;effondrer, voire devenir n\u00e9gatives. Au lieu de stabiliser le budget, cette taxe pourrait donc introduire une grande volatilit\u00e9 dans les finances publiques, rendant les pr\u00e9visions budg\u00e9taires tr\u00e8s incertaines.<\/p>\n\n\n\n<h2 class=\"wp-block-heading has-lora-font-family\" style=\"font-size:clamp(20px, 1.25rem + ((1vw - 3.2px) * 0.811), 32px);\"><strong>La r\u00e9alit\u00e9 actuelle pour l&rsquo;investisseur<\/strong><\/h2>\n\n\n\n<p class=\"has-lora-font-family\" style=\"font-size:clamp(14px, 0.875rem + ((1vw - 3.2px) * 0.27), 18px);\">Pour l&rsquo;entrepreneur ou l&rsquo;investisseur priv\u00e9, ce d\u00e9bat souligne l&rsquo;importance de la prudence et de la clart\u00e9. Actuellement, la notion de \u00ab\u00a0gestion en bon p\u00e8re de famille\u00a0\u00bb reste la cl\u00e9 de vo\u00fbte de l&rsquo;exon\u00e9ration fiscale. Tant que vos op\u00e9rations restent dans ce cadre (pas de sp\u00e9culation intense, diversification, horizon long terme), vous restez prot\u00e9g\u00e9 et non tax\u00e9 sur vos gains.<\/p>\n\n\n\n<h2 class=\"wp-block-heading has-lora-font-family\" style=\"font-size:clamp(20px, 1.25rem + ((1vw - 3.2px) * 0.811), 32px);\"><strong>Comment s\u00e9curiser votre patrimoine ?<\/strong><\/h2>\n\n\n\n<p class=\"has-lora-font-family\" style=\"font-size:clamp(14px, 0.875rem + ((1vw - 3.2px) * 0.27), 18px);\">En attendant que le l\u00e9gislateur tranche, l&rsquo;incertitude demeure et les r\u00e8gles peuvent \u00e9voluer. Il est essentiel de structurer vos investissements de mani\u00e8re professionnelle pour pouvoir prouver, le cas \u00e9ch\u00e9ant, le caract\u00e8re \u00ab\u00a0normal\u00a0\u00bb de votre gestion. Vous avez des questions sur la fiscalit\u00e9 de votre portefeuille titres ou de votre soci\u00e9t\u00e9 ?<\/p>\n\n\n\n<div class=\"wp-block-buttons is-layout-flex wp-block-buttons-is-layout-flex\">\n<div class=\"wp-block-button\"><a class=\"wp-block-button__link has-background wp-element-button\" href=\"https:\/\/bvm-accounting.be\/nl\/contacter-expert-comptable-woluwe\/\" style=\"border-radius:0px;background-color:#4263ac\"><strong>CONTACTEZ NOS EXPERTS<\/strong><\/a><\/div>\n<\/div>\n\n\n\n<p><\/p>","protected":false},"excerpt":{"rendered":"<p>Taxe sur les plus-values : L&rsquo;oubli majeur du d\u00e9bat fiscal C&rsquo;est un serpent de mer de la politique belge : faut-il taxer les plus-values sur actions r\u00e9alis\u00e9es par les particuliers ? Si l&rsquo;id\u00e9e revient r\u00e9guli\u00e8rement sur la table pour des raisons de justice fiscale, un aspect crucial est souvent pass\u00e9 sous silence : la d\u00e9ductibilit\u00e9 [&hellip;]<\/p>\n","protected":false},"author":2,"featured_media":285,"comment_status":"open","ping_status":"open","sticky":false,"template":"","format":"standard","meta":{"footnotes":""},"categories":[1],"tags":[],"class_list":["post-41","post","type-post","status-publish","format-standard","has-post-thumbnail","hentry","category-uncategorized"],"yoast_head":"<!-- This site is optimized with the Yoast SEO plugin v27.5 - https:\/\/yoast.com\/product\/yoast-seo-wordpress\/ -->\n<title>Fiscalit\u00e9 : Taxe sur les plus-values et l&#039;imaginaire d\u00e9duction des moins-values ! - BVM ACCOUNTING<\/title>\n<meta name=\"robots\" content=\"index, follow, max-snippet:-1, max-image-preview:large, max-video-preview:-1\" \/>\n<link rel=\"canonical\" href=\"https:\/\/bvm-accounting.be\/nl\/2026\/01\/02\/fiscalite-taxe-sur-les-plus-values-et-limaginaire-deduction-des-moins-values\/\" \/>\n<meta property=\"og:locale\" content=\"nl_NL\" \/>\n<meta property=\"og:type\" content=\"article\" \/>\n<meta property=\"og:title\" content=\"Fiscalit\u00e9 : Taxe sur les plus-values et l&#039;imaginaire d\u00e9duction des moins-values ! - BVM ACCOUNTING\" \/>\n<meta property=\"og:description\" content=\"Taxe sur les plus-values : L&rsquo;oubli majeur du d\u00e9bat fiscal C&rsquo;est un serpent de mer de la politique belge : faut-il taxer les plus-values sur actions r\u00e9alis\u00e9es par les particuliers ? Si l&rsquo;id\u00e9e revient r\u00e9guli\u00e8rement sur la table pour des raisons de justice fiscale, un aspect crucial est souvent pass\u00e9 sous silence : la d\u00e9ductibilit\u00e9 [&hellip;]\" \/>\n<meta property=\"og:url\" content=\"https:\/\/bvm-accounting.be\/nl\/2026\/01\/02\/fiscalite-taxe-sur-les-plus-values-et-limaginaire-deduction-des-moins-values\/\" \/>\n<meta property=\"og:site_name\" content=\"BVM ACCOUNTING\" \/>\n<meta property=\"article:published_time\" content=\"2026-01-02T12:34:24+00:00\" \/>\n<meta property=\"article:modified_time\" content=\"2026-01-06T14:15:33+00:00\" \/>\n<meta name=\"author\" content=\"Maxime Lejeune\" \/>\n<meta name=\"twitter:card\" content=\"summary_large_image\" \/>\n<meta name=\"twitter:label1\" content=\"Geschreven door\" \/>\n\t<meta name=\"twitter:data1\" content=\"Maxime Lejeune\" \/>\n\t<meta name=\"twitter:label2\" content=\"Geschatte leestijd\" \/>\n\t<meta name=\"twitter:data2\" content=\"3 minuten\" \/>\n<script type=\"application\/ld+json\" class=\"yoast-schema-graph\">{\"@context\":\"https:\\\/\\\/schema.org\",\"@graph\":[{\"@type\":\"Article\",\"@id\":\"https:\\\/\\\/bvm-accounting.be\\\/2026\\\/01\\\/02\\\/fiscalite-taxe-sur-les-plus-values-et-limaginaire-deduction-des-moins-values\\\/#article\",\"isPartOf\":{\"@id\":\"https:\\\/\\\/bvm-accounting.be\\\/2026\\\/01\\\/02\\\/fiscalite-taxe-sur-les-plus-values-et-limaginaire-deduction-des-moins-values\\\/\"},\"author\":{\"name\":\"Maxime Lejeune\",\"@id\":\"https:\\\/\\\/bvm-accounting.be\\\/#\\\/schema\\\/person\\\/643a9833671de9ce5360f1c4f531538e\"},\"headline\":\"Fiscalit\u00e9 : Taxe sur les plus-values et l&rsquo;imaginaire d\u00e9duction des moins-values !\",\"datePublished\":\"2026-01-02T12:34:24+00:00\",\"dateModified\":\"2026-01-06T14:15:33+00:00\",\"mainEntityOfPage\":{\"@id\":\"https:\\\/\\\/bvm-accounting.be\\\/2026\\\/01\\\/02\\\/fiscalite-taxe-sur-les-plus-values-et-limaginaire-deduction-des-moins-values\\\/\"},\"wordCount\":442,\"commentCount\":0,\"publisher\":{\"@id\":\"https:\\\/\\\/bvm-accounting.be\\\/#organization\"},\"image\":{\"@id\":\"https:\\\/\\\/bvm-accounting.be\\\/2026\\\/01\\\/02\\\/fiscalite-taxe-sur-les-plus-values-et-limaginaire-deduction-des-moins-values\\\/#primaryimage\"},\"thumbnailUrl\":\"https:\\\/\\\/bvm-accounting.be\\\/wp-content\\\/uploads\\\/2026\\\/01\\\/5Z3WT5INLRCIPCC2DUBSVW2OCE.avif\",\"articleSection\":[\"Uncategorized\"],\"inLanguage\":\"nl-NL\",\"potentialAction\":[{\"@type\":\"CommentAction\",\"name\":\"Comment\",\"target\":[\"https:\\\/\\\/bvm-accounting.be\\\/2026\\\/01\\\/02\\\/fiscalite-taxe-sur-les-plus-values-et-limaginaire-deduction-des-moins-values\\\/#respond\"]}]},{\"@type\":\"WebPage\",\"@id\":\"https:\\\/\\\/bvm-accounting.be\\\/2026\\\/01\\\/02\\\/fiscalite-taxe-sur-les-plus-values-et-limaginaire-deduction-des-moins-values\\\/\",\"url\":\"https:\\\/\\\/bvm-accounting.be\\\/2026\\\/01\\\/02\\\/fiscalite-taxe-sur-les-plus-values-et-limaginaire-deduction-des-moins-values\\\/\",\"name\":\"Fiscalit\u00e9 : Taxe sur les plus-values et l'imaginaire d\u00e9duction des moins-values ! - BVM ACCOUNTING\",\"isPartOf\":{\"@id\":\"https:\\\/\\\/bvm-accounting.be\\\/#website\"},\"primaryImageOfPage\":{\"@id\":\"https:\\\/\\\/bvm-accounting.be\\\/2026\\\/01\\\/02\\\/fiscalite-taxe-sur-les-plus-values-et-limaginaire-deduction-des-moins-values\\\/#primaryimage\"},\"image\":{\"@id\":\"https:\\\/\\\/bvm-accounting.be\\\/2026\\\/01\\\/02\\\/fiscalite-taxe-sur-les-plus-values-et-limaginaire-deduction-des-moins-values\\\/#primaryimage\"},\"thumbnailUrl\":\"https:\\\/\\\/bvm-accounting.be\\\/wp-content\\\/uploads\\\/2026\\\/01\\\/5Z3WT5INLRCIPCC2DUBSVW2OCE.avif\",\"datePublished\":\"2026-01-02T12:34:24+00:00\",\"dateModified\":\"2026-01-06T14:15:33+00:00\",\"breadcrumb\":{\"@id\":\"https:\\\/\\\/bvm-accounting.be\\\/2026\\\/01\\\/02\\\/fiscalite-taxe-sur-les-plus-values-et-limaginaire-deduction-des-moins-values\\\/#breadcrumb\"},\"inLanguage\":\"nl-NL\",\"potentialAction\":[{\"@type\":\"ReadAction\",\"target\":[\"https:\\\/\\\/bvm-accounting.be\\\/2026\\\/01\\\/02\\\/fiscalite-taxe-sur-les-plus-values-et-limaginaire-deduction-des-moins-values\\\/\"]}]},{\"@type\":\"ImageObject\",\"inLanguage\":\"nl-NL\",\"@id\":\"https:\\\/\\\/bvm-accounting.be\\\/2026\\\/01\\\/02\\\/fiscalite-taxe-sur-les-plus-values-et-limaginaire-deduction-des-moins-values\\\/#primaryimage\",\"url\":\"https:\\\/\\\/bvm-accounting.be\\\/wp-content\\\/uploads\\\/2026\\\/01\\\/5Z3WT5INLRCIPCC2DUBSVW2OCE.avif\",\"contentUrl\":\"https:\\\/\\\/bvm-accounting.be\\\/wp-content\\\/uploads\\\/2026\\\/01\\\/5Z3WT5INLRCIPCC2DUBSVW2OCE.avif\",\"width\":1200,\"height\":800},{\"@type\":\"BreadcrumbList\",\"@id\":\"https:\\\/\\\/bvm-accounting.be\\\/2026\\\/01\\\/02\\\/fiscalite-taxe-sur-les-plus-values-et-limaginaire-deduction-des-moins-values\\\/#breadcrumb\",\"itemListElement\":[{\"@type\":\"ListItem\",\"position\":1,\"name\":\"Accueil\",\"item\":\"https:\\\/\\\/bvm-accounting.be\\\/\"},{\"@type\":\"ListItem\",\"position\":2,\"name\":\"Fiscalit\u00e9 : Taxe sur les plus-values et l&rsquo;imaginaire d\u00e9duction des moins-values !\"}]},{\"@type\":\"WebSite\",\"@id\":\"https:\\\/\\\/bvm-accounting.be\\\/#website\",\"url\":\"https:\\\/\\\/bvm-accounting.be\\\/\",\"name\":\"BVM ACCOUNTING\",\"description\":\"Votre bureau comptable \u00e0 dimension humaine\",\"publisher\":{\"@id\":\"https:\\\/\\\/bvm-accounting.be\\\/#organization\"},\"potentialAction\":[{\"@type\":\"SearchAction\",\"target\":{\"@type\":\"EntryPoint\",\"urlTemplate\":\"https:\\\/\\\/bvm-accounting.be\\\/?s={search_term_string}\"},\"query-input\":{\"@type\":\"PropertyValueSpecification\",\"valueRequired\":true,\"valueName\":\"search_term_string\"}}],\"inLanguage\":\"nl-NL\"},{\"@type\":\"Organization\",\"@id\":\"https:\\\/\\\/bvm-accounting.be\\\/#organization\",\"name\":\"BVM\",\"url\":\"https:\\\/\\\/bvm-accounting.be\\\/\",\"logo\":{\"@type\":\"ImageObject\",\"inLanguage\":\"nl-NL\",\"@id\":\"https:\\\/\\\/bvm-accounting.be\\\/#\\\/schema\\\/logo\\\/image\\\/\",\"url\":\"https:\\\/\\\/bvm-accounting.be\\\/wp-content\\\/uploads\\\/2026\\\/01\\\/logo_220-85.png\",\"contentUrl\":\"https:\\\/\\\/bvm-accounting.be\\\/wp-content\\\/uploads\\\/2026\\\/01\\\/logo_220-85.png\",\"width\":219,\"height\":85,\"caption\":\"BVM\"},\"image\":{\"@id\":\"https:\\\/\\\/bvm-accounting.be\\\/#\\\/schema\\\/logo\\\/image\\\/\"}},{\"@type\":\"Person\",\"@id\":\"https:\\\/\\\/bvm-accounting.be\\\/#\\\/schema\\\/person\\\/643a9833671de9ce5360f1c4f531538e\",\"name\":\"Maxime Lejeune\",\"image\":{\"@type\":\"ImageObject\",\"inLanguage\":\"nl-NL\",\"@id\":\"https:\\\/\\\/secure.gravatar.com\\\/avatar\\\/886b1a373aecadb899ce960069566bac861307cc704292c1288c93436eba8169?s=96&d=mm&r=g\",\"url\":\"https:\\\/\\\/secure.gravatar.com\\\/avatar\\\/886b1a373aecadb899ce960069566bac861307cc704292c1288c93436eba8169?s=96&d=mm&r=g\",\"contentUrl\":\"https:\\\/\\\/secure.gravatar.com\\\/avatar\\\/886b1a373aecadb899ce960069566bac861307cc704292c1288c93436eba8169?s=96&d=mm&r=g\",\"caption\":\"Maxime Lejeune\"},\"url\":\"https:\\\/\\\/bvm-accounting.be\\\/nl\\\/author\\\/he136559students-ephec-be\\\/\"}]}<\/script>\n<!-- \/ Yoast SEO plugin. -->","yoast_head_json":{"title":"Fiscalit\u00e9 : Taxe sur les plus-values et l'imaginaire d\u00e9duction des moins-values ! - BVM ACCOUNTING","robots":{"index":"index","follow":"follow","max-snippet":"max-snippet:-1","max-image-preview":"max-image-preview:large","max-video-preview":"max-video-preview:-1"},"canonical":"https:\/\/bvm-accounting.be\/nl\/2026\/01\/02\/fiscalite-taxe-sur-les-plus-values-et-limaginaire-deduction-des-moins-values\/","og_locale":"nl_NL","og_type":"article","og_title":"Fiscalit\u00e9 : Taxe sur les plus-values et l'imaginaire d\u00e9duction des moins-values ! - BVM ACCOUNTING","og_description":"Taxe sur les plus-values : L&rsquo;oubli majeur du d\u00e9bat fiscal C&rsquo;est un serpent de mer de la politique belge : faut-il taxer les plus-values sur actions r\u00e9alis\u00e9es par les particuliers ? Si l&rsquo;id\u00e9e revient r\u00e9guli\u00e8rement sur la table pour des raisons de justice fiscale, un aspect crucial est souvent pass\u00e9 sous silence : la d\u00e9ductibilit\u00e9 [&hellip;]","og_url":"https:\/\/bvm-accounting.be\/nl\/2026\/01\/02\/fiscalite-taxe-sur-les-plus-values-et-limaginaire-deduction-des-moins-values\/","og_site_name":"BVM ACCOUNTING","article_published_time":"2026-01-02T12:34:24+00:00","article_modified_time":"2026-01-06T14:15:33+00:00","author":"Maxime Lejeune","twitter_card":"summary_large_image","twitter_misc":{"Geschreven door":"Maxime Lejeune","Geschatte leestijd":"3 minuten"},"schema":{"@context":"https:\/\/schema.org","@graph":[{"@type":"Article","@id":"https:\/\/bvm-accounting.be\/2026\/01\/02\/fiscalite-taxe-sur-les-plus-values-et-limaginaire-deduction-des-moins-values\/#article","isPartOf":{"@id":"https:\/\/bvm-accounting.be\/2026\/01\/02\/fiscalite-taxe-sur-les-plus-values-et-limaginaire-deduction-des-moins-values\/"},"author":{"name":"Maxime Lejeune","@id":"https:\/\/bvm-accounting.be\/#\/schema\/person\/643a9833671de9ce5360f1c4f531538e"},"headline":"Fiscalit\u00e9 : Taxe sur les plus-values et l&rsquo;imaginaire d\u00e9duction des moins-values !","datePublished":"2026-01-02T12:34:24+00:00","dateModified":"2026-01-06T14:15:33+00:00","mainEntityOfPage":{"@id":"https:\/\/bvm-accounting.be\/2026\/01\/02\/fiscalite-taxe-sur-les-plus-values-et-limaginaire-deduction-des-moins-values\/"},"wordCount":442,"commentCount":0,"publisher":{"@id":"https:\/\/bvm-accounting.be\/#organization"},"image":{"@id":"https:\/\/bvm-accounting.be\/2026\/01\/02\/fiscalite-taxe-sur-les-plus-values-et-limaginaire-deduction-des-moins-values\/#primaryimage"},"thumbnailUrl":"https:\/\/bvm-accounting.be\/wp-content\/uploads\/2026\/01\/5Z3WT5INLRCIPCC2DUBSVW2OCE.avif","articleSection":["Uncategorized"],"inLanguage":"nl-NL","potentialAction":[{"@type":"CommentAction","name":"Comment","target":["https:\/\/bvm-accounting.be\/2026\/01\/02\/fiscalite-taxe-sur-les-plus-values-et-limaginaire-deduction-des-moins-values\/#respond"]}]},{"@type":"WebPage","@id":"https:\/\/bvm-accounting.be\/2026\/01\/02\/fiscalite-taxe-sur-les-plus-values-et-limaginaire-deduction-des-moins-values\/","url":"https:\/\/bvm-accounting.be\/2026\/01\/02\/fiscalite-taxe-sur-les-plus-values-et-limaginaire-deduction-des-moins-values\/","name":"Fiscalit\u00e9 : Taxe sur les plus-values et l'imaginaire d\u00e9duction des moins-values ! - BVM ACCOUNTING","isPartOf":{"@id":"https:\/\/bvm-accounting.be\/#website"},"primaryImageOfPage":{"@id":"https:\/\/bvm-accounting.be\/2026\/01\/02\/fiscalite-taxe-sur-les-plus-values-et-limaginaire-deduction-des-moins-values\/#primaryimage"},"image":{"@id":"https:\/\/bvm-accounting.be\/2026\/01\/02\/fiscalite-taxe-sur-les-plus-values-et-limaginaire-deduction-des-moins-values\/#primaryimage"},"thumbnailUrl":"https:\/\/bvm-accounting.be\/wp-content\/uploads\/2026\/01\/5Z3WT5INLRCIPCC2DUBSVW2OCE.avif","datePublished":"2026-01-02T12:34:24+00:00","dateModified":"2026-01-06T14:15:33+00:00","breadcrumb":{"@id":"https:\/\/bvm-accounting.be\/2026\/01\/02\/fiscalite-taxe-sur-les-plus-values-et-limaginaire-deduction-des-moins-values\/#breadcrumb"},"inLanguage":"nl-NL","potentialAction":[{"@type":"ReadAction","target":["https:\/\/bvm-accounting.be\/2026\/01\/02\/fiscalite-taxe-sur-les-plus-values-et-limaginaire-deduction-des-moins-values\/"]}]},{"@type":"ImageObject","inLanguage":"nl-NL","@id":"https:\/\/bvm-accounting.be\/2026\/01\/02\/fiscalite-taxe-sur-les-plus-values-et-limaginaire-deduction-des-moins-values\/#primaryimage","url":"https:\/\/bvm-accounting.be\/wp-content\/uploads\/2026\/01\/5Z3WT5INLRCIPCC2DUBSVW2OCE.avif","contentUrl":"https:\/\/bvm-accounting.be\/wp-content\/uploads\/2026\/01\/5Z3WT5INLRCIPCC2DUBSVW2OCE.avif","width":1200,"height":800},{"@type":"BreadcrumbList","@id":"https:\/\/bvm-accounting.be\/2026\/01\/02\/fiscalite-taxe-sur-les-plus-values-et-limaginaire-deduction-des-moins-values\/#breadcrumb","itemListElement":[{"@type":"ListItem","position":1,"name":"Accueil","item":"https:\/\/bvm-accounting.be\/"},{"@type":"ListItem","position":2,"name":"Fiscalit\u00e9 : Taxe sur les plus-values et l&rsquo;imaginaire d\u00e9duction des moins-values !"}]},{"@type":"WebSite","@id":"https:\/\/bvm-accounting.be\/#website","url":"https:\/\/bvm-accounting.be\/","name":"BVM ACCOUNTING","description":"Votre bureau comptable \u00e0 dimension humaine","publisher":{"@id":"https:\/\/bvm-accounting.be\/#organization"},"potentialAction":[{"@type":"SearchAction","target":{"@type":"EntryPoint","urlTemplate":"https:\/\/bvm-accounting.be\/?s={search_term_string}"},"query-input":{"@type":"PropertyValueSpecification","valueRequired":true,"valueName":"search_term_string"}}],"inLanguage":"nl-NL"},{"@type":"Organization","@id":"https:\/\/bvm-accounting.be\/#organization","name":"BVM","url":"https:\/\/bvm-accounting.be\/","logo":{"@type":"ImageObject","inLanguage":"nl-NL","@id":"https:\/\/bvm-accounting.be\/#\/schema\/logo\/image\/","url":"https:\/\/bvm-accounting.be\/wp-content\/uploads\/2026\/01\/logo_220-85.png","contentUrl":"https:\/\/bvm-accounting.be\/wp-content\/uploads\/2026\/01\/logo_220-85.png","width":219,"height":85,"caption":"BVM"},"image":{"@id":"https:\/\/bvm-accounting.be\/#\/schema\/logo\/image\/"}},{"@type":"Person","@id":"https:\/\/bvm-accounting.be\/#\/schema\/person\/643a9833671de9ce5360f1c4f531538e","name":"Maxime Lejeune","image":{"@type":"ImageObject","inLanguage":"nl-NL","@id":"https:\/\/secure.gravatar.com\/avatar\/886b1a373aecadb899ce960069566bac861307cc704292c1288c93436eba8169?s=96&d=mm&r=g","url":"https:\/\/secure.gravatar.com\/avatar\/886b1a373aecadb899ce960069566bac861307cc704292c1288c93436eba8169?s=96&d=mm&r=g","contentUrl":"https:\/\/secure.gravatar.com\/avatar\/886b1a373aecadb899ce960069566bac861307cc704292c1288c93436eba8169?s=96&d=mm&r=g","caption":"Maxime Lejeune"},"url":"https:\/\/bvm-accounting.be\/nl\/author\/he136559students-ephec-be\/"}]}},"_links":{"self":[{"href":"https:\/\/bvm-accounting.be\/nl\/wp-json\/wp\/v2\/posts\/41","targetHints":{"allow":["GET"]}}],"collection":[{"href":"https:\/\/bvm-accounting.be\/nl\/wp-json\/wp\/v2\/posts"}],"about":[{"href":"https:\/\/bvm-accounting.be\/nl\/wp-json\/wp\/v2\/types\/post"}],"author":[{"embeddable":true,"href":"https:\/\/bvm-accounting.be\/nl\/wp-json\/wp\/v2\/users\/2"}],"replies":[{"embeddable":true,"href":"https:\/\/bvm-accounting.be\/nl\/wp-json\/wp\/v2\/comments?post=41"}],"version-history":[{"count":2,"href":"https:\/\/bvm-accounting.be\/nl\/wp-json\/wp\/v2\/posts\/41\/revisions"}],"predecessor-version":[{"id":492,"href":"https:\/\/bvm-accounting.be\/nl\/wp-json\/wp\/v2\/posts\/41\/revisions\/492"}],"wp:featuredmedia":[{"embeddable":true,"href":"https:\/\/bvm-accounting.be\/nl\/wp-json\/wp\/v2\/media\/285"}],"wp:attachment":[{"href":"https:\/\/bvm-accounting.be\/nl\/wp-json\/wp\/v2\/media?parent=41"}],"wp:term":[{"taxonomy":"category","embeddable":true,"href":"https:\/\/bvm-accounting.be\/nl\/wp-json\/wp\/v2\/categories?post=41"},{"taxonomy":"post_tag","embeddable":true,"href":"https:\/\/bvm-accounting.be\/nl\/wp-json\/wp\/v2\/tags?post=41"}],"curies":[{"name":"wp","href":"https:\/\/api.w.org\/{rel}","templated":true}]}}