{"id":37,"date":"2026-01-02T12:32:36","date_gmt":"2026-01-02T12:32:36","guid":{"rendered":"https:\/\/bvm-accounting.be\/?p=37"},"modified":"2026-01-06T14:17:47","modified_gmt":"2026-01-06T14:17:47","slug":"fiscalite-quelles-sont-les-mesures-finalement-entrees-en-vigueur-et-les-mesures-a-letat-de-projet","status":"publish","type":"post","link":"https:\/\/bvm-accounting.be\/nl\/2026\/01\/02\/fiscalite-quelles-sont-les-mesures-finalement-entrees-en-vigueur-et-les-mesures-a-letat-de-projet\/","title":{"rendered":"Fiscaliteit: welke maatregelen zijn uiteindelijk van kracht geworden en welke maatregelen bevinden zich nog in de projectfase?"},"content":{"rendered":"<h2 class=\"wp-block-heading has-lora-font-family\" style=\"font-size:clamp(20px, 1.25rem + ((1vw - 3.2px) * 0.811), 32px);\"><strong>R\u00e9forme fiscale : Le point sur les mesures vot\u00e9es et celles en attente<\/strong><\/h2>\n\n\n\n<p class=\"has-lora-font-family\" style=\"font-size:clamp(14px, 0.875rem + ((1vw - 3.2px) * 0.27), 18px);\">L&rsquo;actualit\u00e9 fiscale belge est particuli\u00e8rement dense ces derniers temps. Entre les annonces politiques, les projets de r\u00e9forme (notamment la \u00ab\u00a0note Van Peteghem\u00a0\u00bb) et les textes r\u00e9ellement publi\u00e9s au Moniteur belge, il est parfois difficile pour un chef d&rsquo;entreprise de distinguer ce qui est applicable de ce qui ne l&rsquo;est pas. BVM Accounting fait le tri pour vous aider \u00e0 y voir clair dans ce labyrinthe l\u00e9gislatif.<\/p>\n\n\n\n<h2 class=\"wp-block-heading has-lora-font-family\" style=\"font-size:clamp(20px, 1.25rem + ((1vw - 3.2px) * 0.811), 32px);\"><strong>Ce qui est entr\u00e9 en vigueur (Le concret)<\/strong><\/h2>\n\n\n\n<p class=\"has-lora-font-family\" style=\"font-size:clamp(14px, 0.875rem + ((1vw - 3.2px) * 0.27), 18px);\"><strong>Il est essentiel de se concentrer d&rsquo;abord sur les mesures qui impactent d\u00e9j\u00e0 votre comptabilit\u00e9 ou qui le feront \u00e0 tr\u00e8s court terme.<\/strong><\/p>\n\n\n\n<ul class=\"wp-block-list\">\n<li class=\"has-lora-font-family\" style=\"font-size:clamp(14px, 0.875rem + ((1vw - 3.2px) * 0.27), 18px);\"><strong>L&rsquo;extension des flexi-jobs :<\/strong> C&rsquo;est une mesure phare pour de nombreux secteurs. Le syst\u00e8me a \u00e9t\u00e9 \u00e9tendu \u00e0 de nouvelles commissions paritaires (notamment dans l&rsquo;\u00e9v\u00e9nementiel, l&rsquo;agriculture, ou l&rsquo;alimentation). Si vous cherchez de la main-d&rsquo;\u0153uvre ponctuelle, v\u00e9rifiez avec nous si votre secteur est d\u00e9sormais \u00e9ligible.<\/li>\n\n\n\n<li class=\"has-lora-font-family\" style=\"font-size:clamp(14px, 0.875rem + ((1vw - 3.2px) * 0.27), 18px);\"><strong>Le verdissement du parc automobile :<\/strong> La fiscalit\u00e9 automobile continue sa mutation forc\u00e9e. Les r\u00e8gles de d\u00e9ductibilit\u00e9 pour les v\u00e9hicules thermiques se durcissent progressivement, tandis que les bornes de recharge b\u00e9n\u00e9ficient encore d&rsquo;avantages sp\u00e9cifiques. C&rsquo;est une r\u00e9alit\u00e9 l\u00e9gale : le calcul de vos Avantages de Toute Nature (ATN) et de vos d\u00e9ductions doit \u00eatre revu.<\/li>\n\n\n\n<li class=\"has-lora-font-family\" style=\"font-size:clamp(14px, 0.875rem + ((1vw - 3.2px) * 0.27), 18px);\"><strong>La d\u00e9duction pour investissement :<\/strong> Des modifications ont \u00e9t\u00e9 act\u00e9es concernant les taux et les cat\u00e9gories d&rsquo;investissements \u00e9ligibles, notamment pour encourager les investissements num\u00e9riques et \u00e9cologiques.<\/li>\n<\/ul>\n\n\n\n<h2 class=\"wp-block-heading has-lora-font-family\" style=\"font-size:clamp(20px, 1.25rem + ((1vw - 3.2px) * 0.811), 32px);\"><strong>Ce qui est encore \u00e0 l&rsquo;\u00e9tat de projet<\/strong><\/h2>\n\n\n\n<p class=\"has-lora-font-family\" style=\"font-size:clamp(14px, 0.875rem + ((1vw - 3.2px) * 0.27), 18px);\"><strong>Beaucoup d&rsquo;encre a coul\u00e9 sur la \u00ab\u00a0grande r\u00e9forme fiscale\u00a0\u00bb, mais attention : tant qu&rsquo;une loi n&rsquo;est pas vot\u00e9e, elle ne s&rsquo;applique pas.<\/strong><\/p>\n\n\n\n<ul class=\"wp-block-list\">\n<li class=\"has-lora-font-family\" style=\"font-size:clamp(14px, 0.875rem + ((1vw - 3.2px) * 0.27), 18px);\"><strong>La r\u00e9forme de l&rsquo;IPP (Imp\u00f4t des Personnes Physiques) :<\/strong> Le projet visant \u00e0 augmenter le net en poche des travailleurs en modifiant les tranches d&rsquo;imposition est toujours au c\u0153ur des d\u00e9bats politiques. Bien que souhait\u00e9e, cette r\u00e9forme globale d\u00e9pend des n\u00e9gociations budg\u00e9taires et n&rsquo;est pas encore d&rsquo;application.<\/li>\n\n\n\n<li class=\"has-lora-font-family\" style=\"font-size:clamp(14px, 0.875rem + ((1vw - 3.2px) * 0.27), 18px);\"><strong>L&rsquo;augmentation de la TVA :<\/strong> En contrepartie de la baisse de l&rsquo;imp\u00f4t sur le travail, il a \u00e9t\u00e9 question d&rsquo;harmoniser certains taux de TVA (passer de 6% \u00e0 9% pour certains biens). \u00c0 ce stade, il s&rsquo;agit de pistes de r\u00e9flexion et non d&rsquo;une obligation l\u00e9gale imm\u00e9diate pour vos factures.<\/li>\n<\/ul>\n\n\n\n<h2 class=\"wp-block-heading has-lora-font-family\" style=\"font-size:clamp(20px, 1.25rem + ((1vw - 3.2px) * 0.811), 32px);\"><strong>Ne prenez pas de d\u00e9cisions sur des rumeurs<\/strong><\/h2>\n\n\n\n<p class=\"has-lora-font-family\" style=\"font-size:clamp(14px, 0.875rem + ((1vw - 3.2px) * 0.27), 18px);\">En tant qu&rsquo;entrepreneur, vous devez anticiper, mais agir sur des certitudes. Modifier votre strat\u00e9gie de prix ou vos investissements sur base d&rsquo;un simple projet de loi peut s&rsquo;av\u00e9rer risqu\u00e9. Chez BVM Accounting, nous assurons une veille constante pour ne vous informer que lorsque les mesures sont <strong>officielles et publi\u00e9es<\/strong>.<\/p>\n\n\n\n<h2 class=\"wp-block-heading has-lora-font-family\" style=\"font-size:clamp(20px, 1.25rem + ((1vw - 3.2px) * 0.811), 32px);\"><strong>Besoin d&rsquo;un audit de votre situation ?<\/strong><\/h2>\n\n\n\n<p class=\"has-lora-font-family\" style=\"font-size:clamp(14px, 0.875rem + ((1vw - 3.2px) * 0.27), 18px);\">Vous vous demandez si vous \u00eates concern\u00e9 par les nouvelles r\u00e8gles sur les flexi-jobs ou la fiscalit\u00e9 automobile ? Ne restez pas dans le doute. Prenons un moment pour analyser l&rsquo;impact concret de ces mesures vot\u00e9es sur votre activit\u00e9.<\/p>\n\n\n\n<div class=\"wp-block-buttons is-layout-flex wp-block-buttons-is-layout-flex\">\n<div class=\"wp-block-button\"><a class=\"wp-block-button__link has-background wp-element-button\" href=\"https:\/\/bvm-accounting.be\/nl\/contacter-expert-comptable-woluwe\/\" style=\"border-radius:0px;background-color:#4263ac\"><strong>AFSPRAAK MAKEN<\/strong><\/a><\/div>\n<\/div>\n\n\n\n<p><\/p>","protected":false},"excerpt":{"rendered":"<p>R\u00e9forme fiscale : Le point sur les mesures vot\u00e9es et celles en attente L&rsquo;actualit\u00e9 fiscale belge est particuli\u00e8rement dense ces derniers temps. Entre les annonces politiques, les projets de r\u00e9forme (notamment la \u00ab\u00a0note Van Peteghem\u00a0\u00bb) et les textes r\u00e9ellement publi\u00e9s au Moniteur belge, il est parfois difficile pour un chef d&rsquo;entreprise de distinguer ce qui [&hellip;]<\/p>\n","protected":false},"author":2,"featured_media":337,"comment_status":"open","ping_status":"open","sticky":false,"template":"","format":"standard","meta":{"footnotes":""},"categories":[1],"tags":[],"class_list":["post-37","post","type-post","status-publish","format-standard","has-post-thumbnail","hentry","category-uncategorized"],"yoast_head":"<!-- This site is optimized with the Yoast SEO plugin v27.5 - https:\/\/yoast.com\/product\/yoast-seo-wordpress\/ -->\n<title>Fiscalit\u00e9\u202f: quelles sont les mesures finalement entr\u00e9es en vigueur\u202fet les mesures \u00e0 l\u2019\u00e9tat de projet ? - BVM ACCOUNTING<\/title>\n<meta name=\"robots\" content=\"index, follow, max-snippet:-1, max-image-preview:large, max-video-preview:-1\" \/>\n<link rel=\"canonical\" href=\"https:\/\/bvm-accounting.be\/nl\/2026\/01\/02\/fiscalite-quelles-sont-les-mesures-finalement-entrees-en-vigueur-et-les-mesures-a-letat-de-projet\/\" \/>\n<meta property=\"og:locale\" content=\"nl_NL\" \/>\n<meta property=\"og:type\" content=\"article\" \/>\n<meta property=\"og:title\" content=\"Fiscalit\u00e9\u202f: quelles sont les mesures finalement entr\u00e9es en vigueur\u202fet les mesures \u00e0 l\u2019\u00e9tat de projet ? - BVM ACCOUNTING\" \/>\n<meta property=\"og:description\" content=\"R\u00e9forme fiscale : Le point sur les mesures vot\u00e9es et celles en attente L&rsquo;actualit\u00e9 fiscale belge est particuli\u00e8rement dense ces derniers temps. Entre les annonces politiques, les projets de r\u00e9forme (notamment la \u00ab\u00a0note Van Peteghem\u00a0\u00bb) et les textes r\u00e9ellement publi\u00e9s au Moniteur belge, il est parfois difficile pour un chef d&rsquo;entreprise de distinguer ce qui [&hellip;]\" \/>\n<meta property=\"og:url\" content=\"https:\/\/bvm-accounting.be\/nl\/2026\/01\/02\/fiscalite-quelles-sont-les-mesures-finalement-entrees-en-vigueur-et-les-mesures-a-letat-de-projet\/\" \/>\n<meta property=\"og:site_name\" content=\"BVM ACCOUNTING\" \/>\n<meta property=\"article:published_time\" content=\"2026-01-02T12:32:36+00:00\" \/>\n<meta property=\"article:modified_time\" content=\"2026-01-06T14:17:47+00:00\" \/>\n<meta property=\"og:image\" content=\"https:\/\/bvm-accounting.be\/wp-content\/uploads\/2026\/01\/kelly-sikkema-3-Tc_5LROrM-unsplash.jpg\" \/>\n\t<meta property=\"og:image:width\" content=\"2400\" \/>\n\t<meta property=\"og:image:height\" content=\"1600\" \/>\n\t<meta property=\"og:image:type\" content=\"image\/jpeg\" \/>\n<meta name=\"author\" content=\"Maxime Lejeune\" \/>\n<meta name=\"twitter:card\" content=\"summary_large_image\" \/>\n<meta name=\"twitter:label1\" content=\"Geschreven door\" \/>\n\t<meta name=\"twitter:data1\" content=\"Maxime Lejeune\" \/>\n\t<meta name=\"twitter:label2\" content=\"Geschatte leestijd\" \/>\n\t<meta name=\"twitter:data2\" content=\"3 minuten\" \/>\n<script type=\"application\/ld+json\" class=\"yoast-schema-graph\">{\"@context\":\"https:\\\/\\\/schema.org\",\"@graph\":[{\"@type\":\"Article\",\"@id\":\"https:\\\/\\\/bvm-accounting.be\\\/2026\\\/01\\\/02\\\/fiscalite-quelles-sont-les-mesures-finalement-entrees-en-vigueur-et-les-mesures-a-letat-de-projet\\\/#article\",\"isPartOf\":{\"@id\":\"https:\\\/\\\/bvm-accounting.be\\\/2026\\\/01\\\/02\\\/fiscalite-quelles-sont-les-mesures-finalement-entrees-en-vigueur-et-les-mesures-a-letat-de-projet\\\/\"},\"author\":{\"name\":\"Maxime Lejeune\",\"@id\":\"https:\\\/\\\/bvm-accounting.be\\\/#\\\/schema\\\/person\\\/643a9833671de9ce5360f1c4f531538e\"},\"headline\":\"Fiscalit\u00e9\u202f: quelles sont les mesures finalement entr\u00e9es en vigueur\u202fet les mesures \u00e0 l\u2019\u00e9tat de projet ?\",\"datePublished\":\"2026-01-02T12:32:36+00:00\",\"dateModified\":\"2026-01-06T14:17:47+00:00\",\"mainEntityOfPage\":{\"@id\":\"https:\\\/\\\/bvm-accounting.be\\\/2026\\\/01\\\/02\\\/fiscalite-quelles-sont-les-mesures-finalement-entrees-en-vigueur-et-les-mesures-a-letat-de-projet\\\/\"},\"wordCount\":545,\"commentCount\":0,\"publisher\":{\"@id\":\"https:\\\/\\\/bvm-accounting.be\\\/#organization\"},\"image\":{\"@id\":\"https:\\\/\\\/bvm-accounting.be\\\/2026\\\/01\\\/02\\\/fiscalite-quelles-sont-les-mesures-finalement-entrees-en-vigueur-et-les-mesures-a-letat-de-projet\\\/#primaryimage\"},\"thumbnailUrl\":\"https:\\\/\\\/bvm-accounting.be\\\/wp-content\\\/uploads\\\/2026\\\/01\\\/kelly-sikkema-3-Tc_5LROrM-unsplash.jpg\",\"articleSection\":[\"Uncategorized\"],\"inLanguage\":\"nl-NL\",\"potentialAction\":[{\"@type\":\"CommentAction\",\"name\":\"Comment\",\"target\":[\"https:\\\/\\\/bvm-accounting.be\\\/2026\\\/01\\\/02\\\/fiscalite-quelles-sont-les-mesures-finalement-entrees-en-vigueur-et-les-mesures-a-letat-de-projet\\\/#respond\"]}]},{\"@type\":\"WebPage\",\"@id\":\"https:\\\/\\\/bvm-accounting.be\\\/2026\\\/01\\\/02\\\/fiscalite-quelles-sont-les-mesures-finalement-entrees-en-vigueur-et-les-mesures-a-letat-de-projet\\\/\",\"url\":\"https:\\\/\\\/bvm-accounting.be\\\/2026\\\/01\\\/02\\\/fiscalite-quelles-sont-les-mesures-finalement-entrees-en-vigueur-et-les-mesures-a-letat-de-projet\\\/\",\"name\":\"Fiscalit\u00e9\u202f: quelles sont les mesures finalement entr\u00e9es en vigueur\u202fet les mesures \u00e0 l\u2019\u00e9tat de projet ? - BVM ACCOUNTING\",\"isPartOf\":{\"@id\":\"https:\\\/\\\/bvm-accounting.be\\\/#website\"},\"primaryImageOfPage\":{\"@id\":\"https:\\\/\\\/bvm-accounting.be\\\/2026\\\/01\\\/02\\\/fiscalite-quelles-sont-les-mesures-finalement-entrees-en-vigueur-et-les-mesures-a-letat-de-projet\\\/#primaryimage\"},\"image\":{\"@id\":\"https:\\\/\\\/bvm-accounting.be\\\/2026\\\/01\\\/02\\\/fiscalite-quelles-sont-les-mesures-finalement-entrees-en-vigueur-et-les-mesures-a-letat-de-projet\\\/#primaryimage\"},\"thumbnailUrl\":\"https:\\\/\\\/bvm-accounting.be\\\/wp-content\\\/uploads\\\/2026\\\/01\\\/kelly-sikkema-3-Tc_5LROrM-unsplash.jpg\",\"datePublished\":\"2026-01-02T12:32:36+00:00\",\"dateModified\":\"2026-01-06T14:17:47+00:00\",\"breadcrumb\":{\"@id\":\"https:\\\/\\\/bvm-accounting.be\\\/2026\\\/01\\\/02\\\/fiscalite-quelles-sont-les-mesures-finalement-entrees-en-vigueur-et-les-mesures-a-letat-de-projet\\\/#breadcrumb\"},\"inLanguage\":\"nl-NL\",\"potentialAction\":[{\"@type\":\"ReadAction\",\"target\":[\"https:\\\/\\\/bvm-accounting.be\\\/2026\\\/01\\\/02\\\/fiscalite-quelles-sont-les-mesures-finalement-entrees-en-vigueur-et-les-mesures-a-letat-de-projet\\\/\"]}]},{\"@type\":\"ImageObject\",\"inLanguage\":\"nl-NL\",\"@id\":\"https:\\\/\\\/bvm-accounting.be\\\/2026\\\/01\\\/02\\\/fiscalite-quelles-sont-les-mesures-finalement-entrees-en-vigueur-et-les-mesures-a-letat-de-projet\\\/#primaryimage\",\"url\":\"https:\\\/\\\/bvm-accounting.be\\\/wp-content\\\/uploads\\\/2026\\\/01\\\/kelly-sikkema-3-Tc_5LROrM-unsplash.jpg\",\"contentUrl\":\"https:\\\/\\\/bvm-accounting.be\\\/wp-content\\\/uploads\\\/2026\\\/01\\\/kelly-sikkema-3-Tc_5LROrM-unsplash.jpg\",\"width\":2400,\"height\":1600},{\"@type\":\"BreadcrumbList\",\"@id\":\"https:\\\/\\\/bvm-accounting.be\\\/2026\\\/01\\\/02\\\/fiscalite-quelles-sont-les-mesures-finalement-entrees-en-vigueur-et-les-mesures-a-letat-de-projet\\\/#breadcrumb\",\"itemListElement\":[{\"@type\":\"ListItem\",\"position\":1,\"name\":\"Accueil\",\"item\":\"https:\\\/\\\/bvm-accounting.be\\\/\"},{\"@type\":\"ListItem\",\"position\":2,\"name\":\"Fiscalit\u00e9\u202f: quelles sont les mesures finalement entr\u00e9es en vigueur\u202fet les mesures \u00e0 l\u2019\u00e9tat de projet ?\"}]},{\"@type\":\"WebSite\",\"@id\":\"https:\\\/\\\/bvm-accounting.be\\\/#website\",\"url\":\"https:\\\/\\\/bvm-accounting.be\\\/\",\"name\":\"BVM ACCOUNTING\",\"description\":\"Votre bureau comptable \u00e0 dimension humaine\",\"publisher\":{\"@id\":\"https:\\\/\\\/bvm-accounting.be\\\/#organization\"},\"potentialAction\":[{\"@type\":\"SearchAction\",\"target\":{\"@type\":\"EntryPoint\",\"urlTemplate\":\"https:\\\/\\\/bvm-accounting.be\\\/?s={search_term_string}\"},\"query-input\":{\"@type\":\"PropertyValueSpecification\",\"valueRequired\":true,\"valueName\":\"search_term_string\"}}],\"inLanguage\":\"nl-NL\"},{\"@type\":\"Organization\",\"@id\":\"https:\\\/\\\/bvm-accounting.be\\\/#organization\",\"name\":\"BVM\",\"url\":\"https:\\\/\\\/bvm-accounting.be\\\/\",\"logo\":{\"@type\":\"ImageObject\",\"inLanguage\":\"nl-NL\",\"@id\":\"https:\\\/\\\/bvm-accounting.be\\\/#\\\/schema\\\/logo\\\/image\\\/\",\"url\":\"https:\\\/\\\/bvm-accounting.be\\\/wp-content\\\/uploads\\\/2026\\\/01\\\/logo_220-85.png\",\"contentUrl\":\"https:\\\/\\\/bvm-accounting.be\\\/wp-content\\\/uploads\\\/2026\\\/01\\\/logo_220-85.png\",\"width\":219,\"height\":85,\"caption\":\"BVM\"},\"image\":{\"@id\":\"https:\\\/\\\/bvm-accounting.be\\\/#\\\/schema\\\/logo\\\/image\\\/\"}},{\"@type\":\"Person\",\"@id\":\"https:\\\/\\\/bvm-accounting.be\\\/#\\\/schema\\\/person\\\/643a9833671de9ce5360f1c4f531538e\",\"name\":\"Maxime Lejeune\",\"image\":{\"@type\":\"ImageObject\",\"inLanguage\":\"nl-NL\",\"@id\":\"https:\\\/\\\/secure.gravatar.com\\\/avatar\\\/886b1a373aecadb899ce960069566bac861307cc704292c1288c93436eba8169?s=96&d=mm&r=g\",\"url\":\"https:\\\/\\\/secure.gravatar.com\\\/avatar\\\/886b1a373aecadb899ce960069566bac861307cc704292c1288c93436eba8169?s=96&d=mm&r=g\",\"contentUrl\":\"https:\\\/\\\/secure.gravatar.com\\\/avatar\\\/886b1a373aecadb899ce960069566bac861307cc704292c1288c93436eba8169?s=96&d=mm&r=g\",\"caption\":\"Maxime Lejeune\"},\"url\":\"https:\\\/\\\/bvm-accounting.be\\\/nl\\\/author\\\/he136559students-ephec-be\\\/\"}]}<\/script>\n<!-- \/ Yoast SEO plugin. -->","yoast_head_json":{"title":"Fiscalit\u00e9\u202f: quelles sont les mesures finalement entr\u00e9es en vigueur\u202fet les mesures \u00e0 l\u2019\u00e9tat de projet ? - BVM ACCOUNTING","robots":{"index":"index","follow":"follow","max-snippet":"max-snippet:-1","max-image-preview":"max-image-preview:large","max-video-preview":"max-video-preview:-1"},"canonical":"https:\/\/bvm-accounting.be\/nl\/2026\/01\/02\/fiscalite-quelles-sont-les-mesures-finalement-entrees-en-vigueur-et-les-mesures-a-letat-de-projet\/","og_locale":"nl_NL","og_type":"article","og_title":"Fiscalit\u00e9\u202f: quelles sont les mesures finalement entr\u00e9es en vigueur\u202fet les mesures \u00e0 l\u2019\u00e9tat de projet ? - BVM ACCOUNTING","og_description":"R\u00e9forme fiscale : Le point sur les mesures vot\u00e9es et celles en attente L&rsquo;actualit\u00e9 fiscale belge est particuli\u00e8rement dense ces derniers temps. Entre les annonces politiques, les projets de r\u00e9forme (notamment la \u00ab\u00a0note Van Peteghem\u00a0\u00bb) et les textes r\u00e9ellement publi\u00e9s au Moniteur belge, il est parfois difficile pour un chef d&rsquo;entreprise de distinguer ce qui [&hellip;]","og_url":"https:\/\/bvm-accounting.be\/nl\/2026\/01\/02\/fiscalite-quelles-sont-les-mesures-finalement-entrees-en-vigueur-et-les-mesures-a-letat-de-projet\/","og_site_name":"BVM ACCOUNTING","article_published_time":"2026-01-02T12:32:36+00:00","article_modified_time":"2026-01-06T14:17:47+00:00","og_image":[{"width":2400,"height":1600,"url":"https:\/\/bvm-accounting.be\/wp-content\/uploads\/2026\/01\/kelly-sikkema-3-Tc_5LROrM-unsplash.jpg","type":"image\/jpeg"}],"author":"Maxime Lejeune","twitter_card":"summary_large_image","twitter_misc":{"Geschreven door":"Maxime Lejeune","Geschatte leestijd":"3 minuten"},"schema":{"@context":"https:\/\/schema.org","@graph":[{"@type":"Article","@id":"https:\/\/bvm-accounting.be\/2026\/01\/02\/fiscalite-quelles-sont-les-mesures-finalement-entrees-en-vigueur-et-les-mesures-a-letat-de-projet\/#article","isPartOf":{"@id":"https:\/\/bvm-accounting.be\/2026\/01\/02\/fiscalite-quelles-sont-les-mesures-finalement-entrees-en-vigueur-et-les-mesures-a-letat-de-projet\/"},"author":{"name":"Maxime Lejeune","@id":"https:\/\/bvm-accounting.be\/#\/schema\/person\/643a9833671de9ce5360f1c4f531538e"},"headline":"Fiscalit\u00e9\u202f: quelles sont les mesures finalement entr\u00e9es en vigueur\u202fet les mesures \u00e0 l\u2019\u00e9tat de projet ?","datePublished":"2026-01-02T12:32:36+00:00","dateModified":"2026-01-06T14:17:47+00:00","mainEntityOfPage":{"@id":"https:\/\/bvm-accounting.be\/2026\/01\/02\/fiscalite-quelles-sont-les-mesures-finalement-entrees-en-vigueur-et-les-mesures-a-letat-de-projet\/"},"wordCount":545,"commentCount":0,"publisher":{"@id":"https:\/\/bvm-accounting.be\/#organization"},"image":{"@id":"https:\/\/bvm-accounting.be\/2026\/01\/02\/fiscalite-quelles-sont-les-mesures-finalement-entrees-en-vigueur-et-les-mesures-a-letat-de-projet\/#primaryimage"},"thumbnailUrl":"https:\/\/bvm-accounting.be\/wp-content\/uploads\/2026\/01\/kelly-sikkema-3-Tc_5LROrM-unsplash.jpg","articleSection":["Uncategorized"],"inLanguage":"nl-NL","potentialAction":[{"@type":"CommentAction","name":"Comment","target":["https:\/\/bvm-accounting.be\/2026\/01\/02\/fiscalite-quelles-sont-les-mesures-finalement-entrees-en-vigueur-et-les-mesures-a-letat-de-projet\/#respond"]}]},{"@type":"WebPage","@id":"https:\/\/bvm-accounting.be\/2026\/01\/02\/fiscalite-quelles-sont-les-mesures-finalement-entrees-en-vigueur-et-les-mesures-a-letat-de-projet\/","url":"https:\/\/bvm-accounting.be\/2026\/01\/02\/fiscalite-quelles-sont-les-mesures-finalement-entrees-en-vigueur-et-les-mesures-a-letat-de-projet\/","name":"Fiscalit\u00e9\u202f: quelles sont les mesures finalement entr\u00e9es en vigueur\u202fet les mesures \u00e0 l\u2019\u00e9tat de projet ? - BVM ACCOUNTING","isPartOf":{"@id":"https:\/\/bvm-accounting.be\/#website"},"primaryImageOfPage":{"@id":"https:\/\/bvm-accounting.be\/2026\/01\/02\/fiscalite-quelles-sont-les-mesures-finalement-entrees-en-vigueur-et-les-mesures-a-letat-de-projet\/#primaryimage"},"image":{"@id":"https:\/\/bvm-accounting.be\/2026\/01\/02\/fiscalite-quelles-sont-les-mesures-finalement-entrees-en-vigueur-et-les-mesures-a-letat-de-projet\/#primaryimage"},"thumbnailUrl":"https:\/\/bvm-accounting.be\/wp-content\/uploads\/2026\/01\/kelly-sikkema-3-Tc_5LROrM-unsplash.jpg","datePublished":"2026-01-02T12:32:36+00:00","dateModified":"2026-01-06T14:17:47+00:00","breadcrumb":{"@id":"https:\/\/bvm-accounting.be\/2026\/01\/02\/fiscalite-quelles-sont-les-mesures-finalement-entrees-en-vigueur-et-les-mesures-a-letat-de-projet\/#breadcrumb"},"inLanguage":"nl-NL","potentialAction":[{"@type":"ReadAction","target":["https:\/\/bvm-accounting.be\/2026\/01\/02\/fiscalite-quelles-sont-les-mesures-finalement-entrees-en-vigueur-et-les-mesures-a-letat-de-projet\/"]}]},{"@type":"ImageObject","inLanguage":"nl-NL","@id":"https:\/\/bvm-accounting.be\/2026\/01\/02\/fiscalite-quelles-sont-les-mesures-finalement-entrees-en-vigueur-et-les-mesures-a-letat-de-projet\/#primaryimage","url":"https:\/\/bvm-accounting.be\/wp-content\/uploads\/2026\/01\/kelly-sikkema-3-Tc_5LROrM-unsplash.jpg","contentUrl":"https:\/\/bvm-accounting.be\/wp-content\/uploads\/2026\/01\/kelly-sikkema-3-Tc_5LROrM-unsplash.jpg","width":2400,"height":1600},{"@type":"BreadcrumbList","@id":"https:\/\/bvm-accounting.be\/2026\/01\/02\/fiscalite-quelles-sont-les-mesures-finalement-entrees-en-vigueur-et-les-mesures-a-letat-de-projet\/#breadcrumb","itemListElement":[{"@type":"ListItem","position":1,"name":"Accueil","item":"https:\/\/bvm-accounting.be\/"},{"@type":"ListItem","position":2,"name":"Fiscalit\u00e9\u202f: quelles sont les mesures finalement entr\u00e9es en vigueur\u202fet les mesures \u00e0 l\u2019\u00e9tat de projet ?"}]},{"@type":"WebSite","@id":"https:\/\/bvm-accounting.be\/#website","url":"https:\/\/bvm-accounting.be\/","name":"BVM ACCOUNTING","description":"Votre bureau comptable \u00e0 dimension humaine","publisher":{"@id":"https:\/\/bvm-accounting.be\/#organization"},"potentialAction":[{"@type":"SearchAction","target":{"@type":"EntryPoint","urlTemplate":"https:\/\/bvm-accounting.be\/?s={search_term_string}"},"query-input":{"@type":"PropertyValueSpecification","valueRequired":true,"valueName":"search_term_string"}}],"inLanguage":"nl-NL"},{"@type":"Organization","@id":"https:\/\/bvm-accounting.be\/#organization","name":"BVM","url":"https:\/\/bvm-accounting.be\/","logo":{"@type":"ImageObject","inLanguage":"nl-NL","@id":"https:\/\/bvm-accounting.be\/#\/schema\/logo\/image\/","url":"https:\/\/bvm-accounting.be\/wp-content\/uploads\/2026\/01\/logo_220-85.png","contentUrl":"https:\/\/bvm-accounting.be\/wp-content\/uploads\/2026\/01\/logo_220-85.png","width":219,"height":85,"caption":"BVM"},"image":{"@id":"https:\/\/bvm-accounting.be\/#\/schema\/logo\/image\/"}},{"@type":"Person","@id":"https:\/\/bvm-accounting.be\/#\/schema\/person\/643a9833671de9ce5360f1c4f531538e","name":"Maxime Lejeune","image":{"@type":"ImageObject","inLanguage":"nl-NL","@id":"https:\/\/secure.gravatar.com\/avatar\/886b1a373aecadb899ce960069566bac861307cc704292c1288c93436eba8169?s=96&d=mm&r=g","url":"https:\/\/secure.gravatar.com\/avatar\/886b1a373aecadb899ce960069566bac861307cc704292c1288c93436eba8169?s=96&d=mm&r=g","contentUrl":"https:\/\/secure.gravatar.com\/avatar\/886b1a373aecadb899ce960069566bac861307cc704292c1288c93436eba8169?s=96&d=mm&r=g","caption":"Maxime Lejeune"},"url":"https:\/\/bvm-accounting.be\/nl\/author\/he136559students-ephec-be\/"}]}},"_links":{"self":[{"href":"https:\/\/bvm-accounting.be\/nl\/wp-json\/wp\/v2\/posts\/37","targetHints":{"allow":["GET"]}}],"collection":[{"href":"https:\/\/bvm-accounting.be\/nl\/wp-json\/wp\/v2\/posts"}],"about":[{"href":"https:\/\/bvm-accounting.be\/nl\/wp-json\/wp\/v2\/types\/post"}],"author":[{"embeddable":true,"href":"https:\/\/bvm-accounting.be\/nl\/wp-json\/wp\/v2\/users\/2"}],"replies":[{"embeddable":true,"href":"https:\/\/bvm-accounting.be\/nl\/wp-json\/wp\/v2\/comments?post=37"}],"version-history":[{"count":2,"href":"https:\/\/bvm-accounting.be\/nl\/wp-json\/wp\/v2\/posts\/37\/revisions"}],"predecessor-version":[{"id":494,"href":"https:\/\/bvm-accounting.be\/nl\/wp-json\/wp\/v2\/posts\/37\/revisions\/494"}],"wp:featuredmedia":[{"embeddable":true,"href":"https:\/\/bvm-accounting.be\/nl\/wp-json\/wp\/v2\/media\/337"}],"wp:attachment":[{"href":"https:\/\/bvm-accounting.be\/nl\/wp-json\/wp\/v2\/media?parent=37"}],"wp:term":[{"taxonomy":"category","embeddable":true,"href":"https:\/\/bvm-accounting.be\/nl\/wp-json\/wp\/v2\/categories?post=37"},{"taxonomy":"post_tag","embeddable":true,"href":"https:\/\/bvm-accounting.be\/nl\/wp-json\/wp\/v2\/tags?post=37"}],"curies":[{"name":"wp","href":"https:\/\/api.w.org\/{rel}","templated":true}]}}