{"id":22,"date":"2026-01-02T12:09:24","date_gmt":"2026-01-02T12:09:24","guid":{"rendered":"https:\/\/bvm-accounting.be\/?p=22"},"modified":"2026-01-06T14:18:38","modified_gmt":"2026-01-06T14:18:38","slug":"frais-professionnels-lerreur-qui-coute-cher-aux-independants","status":"publish","type":"post","link":"https:\/\/bvm-accounting.be\/nl\/2026\/01\/02\/frais-professionnels-lerreur-qui-coute-cher-aux-independants\/","title":{"rendered":"Frais professionnels : l\u2019erreur qui co\u00fbte cher aux ind\u00e9pendants"},"content":{"rendered":"<h2 class=\"wp-block-heading has-lora-font-family\" style=\"font-size:clamp(20px, 1.25rem + ((1vw - 3.2px) * 0.811), 32px);\"><strong>D\u00e9duction des frais : le pi\u00e8ge le plus sous-estim\u00e9 des ind\u00e9pendants<\/strong><\/h2>\n\n\n\n<p class=\"has-lora-font-family\" style=\"font-size:clamp(14px, 0.875rem + ((1vw - 3.2px) * 0.27), 18px);\">On parle souvent des \u201cfrais professionnels\u201d comme d\u2019un moyen simple de payer moins d\u2019imp\u00f4ts. Mais en Belgique, une erreur revient sans cesse chez les ind\u00e9pendants et dirigeants de petites soci\u00e9t\u00e9s : confondre d\u00e9pense utile et d\u00e9pense d\u00e9ductible. BVM Accounting d\u00e9crypte pourquoi la d\u00e9duction des frais est plus encadr\u00e9e qu\u2019on ne le pense\u2026 et comment \u00e9viter les mauvaises surprises.<\/p>\n\n\n\n<h2 class=\"wp-block-heading has-lora-font-family\" style=\"font-size:clamp(20px, 1.25rem + ((1vw - 3.2px) * 0.811), 32px);\"><strong>Un principe de base : le lien r\u00e9el avec l\u2019activit\u00e9<\/strong><\/h2>\n\n\n\n<p class=\"has-lora-font-family\" style=\"font-size:clamp(14px, 0.875rem + ((1vw - 3.2px) * 0.27), 18px);\">Pour \u00eatre d\u00e9ductible, un frais doit r\u00e9pondre \u00e0 une logique simple : <strong>il doit \u00eatre fait dans l\u2019int\u00e9r\u00eat de l\u2019activit\u00e9 professionnelle<\/strong> et \u00eatre <strong>justifi\u00e9<\/strong>.<br>Le probl\u00e8me, c\u2019est que certaines d\u00e9penses \u201cmixtes\u201d (pro + priv\u00e9) sont fr\u00e9quentes : voiture, t\u00e9l\u00e9phone, internet, repas, bureau \u00e0 domicile. Et c\u2019est justement l\u00e0 que l\u2019administration fiscale regarde de pr\u00e8s.<\/p>\n\n\n\n<h2 class=\"wp-block-heading has-lora-font-family\" style=\"font-size:clamp(20px, 1.25rem + ((1vw - 3.2px) * 0.811), 32px);\"><strong>Le point oubli\u00e9 : \u201cjustifi\u00e9\u201d ne veut pas dire \u201cj\u2019ai pay\u00e9\u201d<\/strong><\/h2>\n\n\n\n<p class=\"has-lora-font-family\" style=\"font-size:clamp(14px, 0.875rem + ((1vw - 3.2px) * 0.27), 18px);\">Beaucoup pensent que \u201csi j\u2019ai un ticket, c\u2019est bon\u201d. En r\u00e9alit\u00e9, il faut pouvoir d\u00e9montrer :<\/p>\n\n\n\n<ul class=\"wp-block-list has-lora-font-family\">\n<li style=\"font-size:clamp(14px, 0.875rem + ((1vw - 3.2px) * 0.27), 18px);\"><strong>la nature de la d\u00e9pense<\/strong> (facture correcte)<\/li>\n\n\n\n<li style=\"font-size:clamp(14px, 0.875rem + ((1vw - 3.2px) * 0.27), 18px);\"><strong>le contexte professionnel<\/strong> (pourquoi c\u2019\u00e9tait n\u00e9cessaire)<\/li>\n\n\n\n<li style=\"font-size:clamp(14px, 0.875rem + ((1vw - 3.2px) * 0.27), 18px);\"><strong>la proportion pro vs priv\u00e9e<\/strong> si usage mixte<\/li>\n<\/ul>\n\n\n\n<p class=\"has-lora-font-family\" style=\"font-size:clamp(14px, 0.875rem + ((1vw - 3.2px) * 0.27), 18px);\">Sans \u00e7a, le risque est double : <strong>rejet de frais<\/strong> + parfois <strong>TVA non r\u00e9cup\u00e9rable<\/strong>.<\/p>\n\n\n\n<h2 class=\"wp-block-heading has-lora-font-family\" style=\"font-size:clamp(20px, 1.25rem + ((1vw - 3.2px) * 0.811), 32px);\"><strong>L\u2019impact cach\u00e9 : une correction fiscale co\u00fbte vite cher<\/strong><\/h2>\n\n\n\n<p class=\"has-lora-font-family\" style=\"font-size:clamp(14px, 0.875rem + ((1vw - 3.2px) * 0.27), 18px);\">Quand un frais est rejet\u00e9, il ne s\u2019agit pas seulement de \u201cperdre une d\u00e9duction\u201d.<br>La correction peut entra\u00eener :<\/p>\n\n\n\n<ul class=\"wp-block-list has-lora-font-family\">\n<li style=\"font-size:clamp(14px, 0.875rem + ((1vw - 3.2px) * 0.27), 18px);\">une <strong>augmentation de la base imposable<\/strong><\/li>\n\n\n\n<li style=\"font-size:clamp(14px, 0.875rem + ((1vw - 3.2px) * 0.27), 18px);\">des <strong>int\u00e9r\u00eats de retard<\/strong><\/li>\n\n\n\n<li style=\"font-size:clamp(14px, 0.875rem + ((1vw - 3.2px) * 0.27), 18px);\">une <strong>amende administrative<\/strong> dans certains cas et si le m\u00eame type d\u2019erreur se r\u00e9p\u00e8te, \u00e7a peut donner une impression de comptabilit\u00e9 \u201cpeu ma\u00eetris\u00e9e\u201d, ce qui n\u2019aide pas lors d\u2019un contr\u00f4le.<\/li>\n<\/ul>\n\n\n\n<h2 class=\"wp-block-heading has-lora-font-family\" style=\"font-size:clamp(20px, 1.25rem + ((1vw - 3.2px) * 0.811), 32px);\"><strong>La r\u00e9alit\u00e9 pratique : les 4 zones \u00e0 risque les plus fr\u00e9quentes<\/strong><\/h2>\n\n\n\n<p class=\"has-lora-font-family\" style=\"font-size:clamp(14px, 0.875rem + ((1vw - 3.2px) * 0.27), 18px);\">Chez la plupart des ind\u00e9pendants et petites structures, on retrouve surtout :<\/p>\n\n\n\n<ol class=\"wp-block-list has-lora-font-family\">\n<li class=\"has-lora-font-family\" style=\"font-size:clamp(14px, 0.875rem + ((1vw - 3.2px) * 0.27), 18px);\"><strong>Voiture &amp; d\u00e9placements<\/strong> (usage priv\u00e9\/pro, justification, coh\u00e9rence)<\/li>\n\n\n\n<li style=\"font-size:clamp(14px, 0.875rem + ((1vw - 3.2px) * 0.27), 18px);\"><strong>Repas &amp; repr\u00e9sentation<\/strong> (contexte professionnel \u00e0 prouver)<\/li>\n\n\n\n<li style=\"font-size:clamp(14px, 0.875rem + ((1vw - 3.2px) * 0.27), 18px);\"><strong>T\u00e9l\u00e9phone &amp; internet<\/strong> (part pro r\u00e9aliste)<\/li>\n\n\n\n<li style=\"font-size:clamp(14px, 0.875rem + ((1vw - 3.2px) * 0.27), 18px);\"><strong>Bureau \u00e0 domicile<\/strong> (conditions, m\u00e9thode de calcul, preuves)<\/li>\n<\/ol>\n\n\n\n<p class=\"has-lora-font-family\" style=\"font-size:clamp(14px, 0.875rem + ((1vw - 3.2px) * 0.27), 18px);\">La bonne nouvelle : avec une m\u00e9thode simple et r\u00e9guli\u00e8re, ces points deviennent faciles \u00e0 s\u00e9curiser.<\/p>\n\n\n\n<h2 class=\"wp-block-heading has-lora-font-family\" style=\"font-size:clamp(20px, 1.25rem + ((1vw - 3.2px) * 0.811), 32px);\"><strong>Comment s\u00e9curiser vos frais au quotidien ?<\/strong><\/h2>\n\n\n\n<p class=\"has-lora-font-family\" style=\"font-size:clamp(14px, 0.875rem + ((1vw - 3.2px) * 0.27), 18px);\">Quelques habitudes font la diff\u00e9rence :<\/p>\n\n\n\n<ul style=\"font-size:clamp(14px, 0.875rem + ((1vw - 3.2px) * 0.27), 18px);\" class=\"wp-block-list has-lora-font-family\">\n<li>centraliser les documents sur une plateforme (factures + preuves)<\/li>\n\n\n\n<li>ajouter une <strong>note de contexte<\/strong> sur les d\u00e9penses \u201climites\u201d (repas, d\u00e9placements)<\/li>\n\n\n\n<li style=\"font-size:clamp(14px, 0.875rem + ((1vw - 3.2px) * 0.27), 18px);\">\u00e9viter les achats \u201cfourre-tout\u201d sans facture compl\u00e8te<\/li>\n\n\n\n<li>faire un point p\u00e9riodique pour corriger avant la d\u00e9claration TVA ou l\u2019imp\u00f4t<\/li>\n<\/ul>\n\n\n\n<p style=\"font-size:clamp(14px, 0.875rem + ((1vw - 3.2px) * 0.27), 18px);\">Vous avez un doute sur certains frais ou sur la TVA r\u00e9cup\u00e9rable ? Chez <strong>BVM Accounting<\/strong>, on vous aide \u00e0 mettre une organisation claire (digital + suivi), pour \u00e9viter les erreurs et rester serein.<\/p>\n\n\n\n<div class=\"wp-block-buttons is-layout-flex wp-block-buttons-is-layout-flex\">\n<div class=\"wp-block-button\"><a class=\"wp-block-button__link has-background wp-element-button\" href=\"https:\/\/bvm-accounting.be\/nl\/contacter-expert-comptable-woluwe\/\" style=\"border-radius:0px;background-color:#4263ac\"><strong>CONTACTEZ NOS EXPERTS<\/strong><\/a><\/div>\n<\/div>\n\n\n\n<p><\/p>","protected":false},"excerpt":{"rendered":"<p>D\u00e9duction des frais : le pi\u00e8ge le plus sous-estim\u00e9 des ind\u00e9pendants On parle souvent des \u201cfrais professionnels\u201d comme d\u2019un moyen simple de payer moins d\u2019imp\u00f4ts. Mais en Belgique, une erreur revient sans cesse chez les ind\u00e9pendants et dirigeants de petites soci\u00e9t\u00e9s : confondre d\u00e9pense utile et d\u00e9pense d\u00e9ductible. BVM Accounting d\u00e9crypte pourquoi la d\u00e9duction des [&hellip;]<\/p>\n","protected":false},"author":2,"featured_media":443,"comment_status":"open","ping_status":"open","sticky":false,"template":"","format":"standard","meta":{"footnotes":""},"categories":[1],"tags":[],"class_list":["post-22","post","type-post","status-publish","format-standard","has-post-thumbnail","hentry","category-uncategorized"],"yoast_head":"<!-- This site is optimized with the Yoast SEO plugin v27.5 - https:\/\/yoast.com\/product\/yoast-seo-wordpress\/ -->\n<title>Frais professionnels : l\u2019erreur qui co\u00fbte cher aux ind\u00e9pendants - BVM ACCOUNTING<\/title>\n<meta name=\"robots\" content=\"index, follow, max-snippet:-1, max-image-preview:large, max-video-preview:-1\" \/>\n<link rel=\"canonical\" href=\"https:\/\/bvm-accounting.be\/nl\/2026\/01\/02\/frais-professionnels-lerreur-qui-coute-cher-aux-independants\/\" \/>\n<meta property=\"og:locale\" content=\"nl_NL\" \/>\n<meta property=\"og:type\" content=\"article\" \/>\n<meta property=\"og:title\" content=\"Frais professionnels : l\u2019erreur qui co\u00fbte cher aux ind\u00e9pendants - BVM ACCOUNTING\" \/>\n<meta property=\"og:description\" content=\"D\u00e9duction des frais : le pi\u00e8ge le plus sous-estim\u00e9 des ind\u00e9pendants On parle souvent des \u201cfrais professionnels\u201d comme d\u2019un moyen simple de payer moins d\u2019imp\u00f4ts. Mais en Belgique, une erreur revient sans cesse chez les ind\u00e9pendants et dirigeants de petites soci\u00e9t\u00e9s : confondre d\u00e9pense utile et d\u00e9pense d\u00e9ductible. BVM Accounting d\u00e9crypte pourquoi la d\u00e9duction des [&hellip;]\" \/>\n<meta property=\"og:url\" content=\"https:\/\/bvm-accounting.be\/nl\/2026\/01\/02\/frais-professionnels-lerreur-qui-coute-cher-aux-independants\/\" \/>\n<meta property=\"og:site_name\" content=\"BVM ACCOUNTING\" \/>\n<meta property=\"article:published_time\" content=\"2026-01-02T12:09:24+00:00\" \/>\n<meta property=\"article:modified_time\" content=\"2026-01-06T14:18:38+00:00\" \/>\n<meta property=\"og:image\" content=\"https:\/\/bvm-accounting.be\/wp-content\/uploads\/2026\/01\/frais-deductible-1.jpg\" \/>\n\t<meta property=\"og:image:width\" content=\"1920\" \/>\n\t<meta property=\"og:image:height\" content=\"1280\" \/>\n\t<meta property=\"og:image:type\" content=\"image\/jpeg\" \/>\n<meta name=\"author\" content=\"Maxime Lejeune\" \/>\n<meta name=\"twitter:card\" content=\"summary_large_image\" \/>\n<meta name=\"twitter:label1\" content=\"Geschreven door\" \/>\n\t<meta name=\"twitter:data1\" content=\"Maxime Lejeune\" \/>\n\t<meta name=\"twitter:label2\" content=\"Geschatte leestijd\" \/>\n\t<meta name=\"twitter:data2\" content=\"3 minuten\" \/>\n<script type=\"application\/ld+json\" class=\"yoast-schema-graph\">{\"@context\":\"https:\\\/\\\/schema.org\",\"@graph\":[{\"@type\":\"Article\",\"@id\":\"https:\\\/\\\/bvm-accounting.be\\\/2026\\\/01\\\/02\\\/frais-professionnels-lerreur-qui-coute-cher-aux-independants\\\/#article\",\"isPartOf\":{\"@id\":\"https:\\\/\\\/bvm-accounting.be\\\/2026\\\/01\\\/02\\\/frais-professionnels-lerreur-qui-coute-cher-aux-independants\\\/\"},\"author\":{\"name\":\"Maxime Lejeune\",\"@id\":\"https:\\\/\\\/bvm-accounting.be\\\/#\\\/schema\\\/person\\\/643a9833671de9ce5360f1c4f531538e\"},\"headline\":\"Frais professionnels : l\u2019erreur qui co\u00fbte cher aux ind\u00e9pendants\",\"datePublished\":\"2026-01-02T12:09:24+00:00\",\"dateModified\":\"2026-01-06T14:18:38+00:00\",\"mainEntityOfPage\":{\"@id\":\"https:\\\/\\\/bvm-accounting.be\\\/2026\\\/01\\\/02\\\/frais-professionnels-lerreur-qui-coute-cher-aux-independants\\\/\"},\"wordCount\":490,\"commentCount\":0,\"publisher\":{\"@id\":\"https:\\\/\\\/bvm-accounting.be\\\/#organization\"},\"image\":{\"@id\":\"https:\\\/\\\/bvm-accounting.be\\\/2026\\\/01\\\/02\\\/frais-professionnels-lerreur-qui-coute-cher-aux-independants\\\/#primaryimage\"},\"thumbnailUrl\":\"https:\\\/\\\/bvm-accounting.be\\\/wp-content\\\/uploads\\\/2026\\\/01\\\/frais-deductible-1.jpg\",\"articleSection\":[\"Uncategorized\"],\"inLanguage\":\"nl-NL\",\"potentialAction\":[{\"@type\":\"CommentAction\",\"name\":\"Comment\",\"target\":[\"https:\\\/\\\/bvm-accounting.be\\\/2026\\\/01\\\/02\\\/frais-professionnels-lerreur-qui-coute-cher-aux-independants\\\/#respond\"]}]},{\"@type\":\"WebPage\",\"@id\":\"https:\\\/\\\/bvm-accounting.be\\\/2026\\\/01\\\/02\\\/frais-professionnels-lerreur-qui-coute-cher-aux-independants\\\/\",\"url\":\"https:\\\/\\\/bvm-accounting.be\\\/2026\\\/01\\\/02\\\/frais-professionnels-lerreur-qui-coute-cher-aux-independants\\\/\",\"name\":\"Frais professionnels : l\u2019erreur qui co\u00fbte cher aux ind\u00e9pendants - BVM ACCOUNTING\",\"isPartOf\":{\"@id\":\"https:\\\/\\\/bvm-accounting.be\\\/#website\"},\"primaryImageOfPage\":{\"@id\":\"https:\\\/\\\/bvm-accounting.be\\\/2026\\\/01\\\/02\\\/frais-professionnels-lerreur-qui-coute-cher-aux-independants\\\/#primaryimage\"},\"image\":{\"@id\":\"https:\\\/\\\/bvm-accounting.be\\\/2026\\\/01\\\/02\\\/frais-professionnels-lerreur-qui-coute-cher-aux-independants\\\/#primaryimage\"},\"thumbnailUrl\":\"https:\\\/\\\/bvm-accounting.be\\\/wp-content\\\/uploads\\\/2026\\\/01\\\/frais-deductible-1.jpg\",\"datePublished\":\"2026-01-02T12:09:24+00:00\",\"dateModified\":\"2026-01-06T14:18:38+00:00\",\"breadcrumb\":{\"@id\":\"https:\\\/\\\/bvm-accounting.be\\\/2026\\\/01\\\/02\\\/frais-professionnels-lerreur-qui-coute-cher-aux-independants\\\/#breadcrumb\"},\"inLanguage\":\"nl-NL\",\"potentialAction\":[{\"@type\":\"ReadAction\",\"target\":[\"https:\\\/\\\/bvm-accounting.be\\\/2026\\\/01\\\/02\\\/frais-professionnels-lerreur-qui-coute-cher-aux-independants\\\/\"]}]},{\"@type\":\"ImageObject\",\"inLanguage\":\"nl-NL\",\"@id\":\"https:\\\/\\\/bvm-accounting.be\\\/2026\\\/01\\\/02\\\/frais-professionnels-lerreur-qui-coute-cher-aux-independants\\\/#primaryimage\",\"url\":\"https:\\\/\\\/bvm-accounting.be\\\/wp-content\\\/uploads\\\/2026\\\/01\\\/frais-deductible-1.jpg\",\"contentUrl\":\"https:\\\/\\\/bvm-accounting.be\\\/wp-content\\\/uploads\\\/2026\\\/01\\\/frais-deductible-1.jpg\",\"width\":1920,\"height\":1280},{\"@type\":\"BreadcrumbList\",\"@id\":\"https:\\\/\\\/bvm-accounting.be\\\/2026\\\/01\\\/02\\\/frais-professionnels-lerreur-qui-coute-cher-aux-independants\\\/#breadcrumb\",\"itemListElement\":[{\"@type\":\"ListItem\",\"position\":1,\"name\":\"Accueil\",\"item\":\"https:\\\/\\\/bvm-accounting.be\\\/\"},{\"@type\":\"ListItem\",\"position\":2,\"name\":\"Frais professionnels : l\u2019erreur qui co\u00fbte cher aux ind\u00e9pendants\"}]},{\"@type\":\"WebSite\",\"@id\":\"https:\\\/\\\/bvm-accounting.be\\\/#website\",\"url\":\"https:\\\/\\\/bvm-accounting.be\\\/\",\"name\":\"BVM ACCOUNTING\",\"description\":\"Votre bureau comptable \u00e0 dimension humaine\",\"publisher\":{\"@id\":\"https:\\\/\\\/bvm-accounting.be\\\/#organization\"},\"potentialAction\":[{\"@type\":\"SearchAction\",\"target\":{\"@type\":\"EntryPoint\",\"urlTemplate\":\"https:\\\/\\\/bvm-accounting.be\\\/?s={search_term_string}\"},\"query-input\":{\"@type\":\"PropertyValueSpecification\",\"valueRequired\":true,\"valueName\":\"search_term_string\"}}],\"inLanguage\":\"nl-NL\"},{\"@type\":\"Organization\",\"@id\":\"https:\\\/\\\/bvm-accounting.be\\\/#organization\",\"name\":\"BVM\",\"url\":\"https:\\\/\\\/bvm-accounting.be\\\/\",\"logo\":{\"@type\":\"ImageObject\",\"inLanguage\":\"nl-NL\",\"@id\":\"https:\\\/\\\/bvm-accounting.be\\\/#\\\/schema\\\/logo\\\/image\\\/\",\"url\":\"https:\\\/\\\/bvm-accounting.be\\\/wp-content\\\/uploads\\\/2026\\\/01\\\/logo_220-85.png\",\"contentUrl\":\"https:\\\/\\\/bvm-accounting.be\\\/wp-content\\\/uploads\\\/2026\\\/01\\\/logo_220-85.png\",\"width\":219,\"height\":85,\"caption\":\"BVM\"},\"image\":{\"@id\":\"https:\\\/\\\/bvm-accounting.be\\\/#\\\/schema\\\/logo\\\/image\\\/\"}},{\"@type\":\"Person\",\"@id\":\"https:\\\/\\\/bvm-accounting.be\\\/#\\\/schema\\\/person\\\/643a9833671de9ce5360f1c4f531538e\",\"name\":\"Maxime Lejeune\",\"image\":{\"@type\":\"ImageObject\",\"inLanguage\":\"nl-NL\",\"@id\":\"https:\\\/\\\/secure.gravatar.com\\\/avatar\\\/886b1a373aecadb899ce960069566bac861307cc704292c1288c93436eba8169?s=96&d=mm&r=g\",\"url\":\"https:\\\/\\\/secure.gravatar.com\\\/avatar\\\/886b1a373aecadb899ce960069566bac861307cc704292c1288c93436eba8169?s=96&d=mm&r=g\",\"contentUrl\":\"https:\\\/\\\/secure.gravatar.com\\\/avatar\\\/886b1a373aecadb899ce960069566bac861307cc704292c1288c93436eba8169?s=96&d=mm&r=g\",\"caption\":\"Maxime Lejeune\"},\"url\":\"https:\\\/\\\/bvm-accounting.be\\\/nl\\\/author\\\/he136559students-ephec-be\\\/\"}]}<\/script>\n<!-- \/ Yoast SEO plugin. -->","yoast_head_json":{"title":"Frais professionnels : l\u2019erreur qui co\u00fbte cher aux ind\u00e9pendants - BVM ACCOUNTING","robots":{"index":"index","follow":"follow","max-snippet":"max-snippet:-1","max-image-preview":"max-image-preview:large","max-video-preview":"max-video-preview:-1"},"canonical":"https:\/\/bvm-accounting.be\/nl\/2026\/01\/02\/frais-professionnels-lerreur-qui-coute-cher-aux-independants\/","og_locale":"nl_NL","og_type":"article","og_title":"Frais professionnels : l\u2019erreur qui co\u00fbte cher aux ind\u00e9pendants - BVM ACCOUNTING","og_description":"D\u00e9duction des frais : le pi\u00e8ge le plus sous-estim\u00e9 des ind\u00e9pendants On parle souvent des \u201cfrais professionnels\u201d comme d\u2019un moyen simple de payer moins d\u2019imp\u00f4ts. Mais en Belgique, une erreur revient sans cesse chez les ind\u00e9pendants et dirigeants de petites soci\u00e9t\u00e9s : confondre d\u00e9pense utile et d\u00e9pense d\u00e9ductible. BVM Accounting d\u00e9crypte pourquoi la d\u00e9duction des [&hellip;]","og_url":"https:\/\/bvm-accounting.be\/nl\/2026\/01\/02\/frais-professionnels-lerreur-qui-coute-cher-aux-independants\/","og_site_name":"BVM ACCOUNTING","article_published_time":"2026-01-02T12:09:24+00:00","article_modified_time":"2026-01-06T14:18:38+00:00","og_image":[{"width":1920,"height":1280,"url":"https:\/\/bvm-accounting.be\/wp-content\/uploads\/2026\/01\/frais-deductible-1.jpg","type":"image\/jpeg"}],"author":"Maxime Lejeune","twitter_card":"summary_large_image","twitter_misc":{"Geschreven door":"Maxime Lejeune","Geschatte leestijd":"3 minuten"},"schema":{"@context":"https:\/\/schema.org","@graph":[{"@type":"Article","@id":"https:\/\/bvm-accounting.be\/2026\/01\/02\/frais-professionnels-lerreur-qui-coute-cher-aux-independants\/#article","isPartOf":{"@id":"https:\/\/bvm-accounting.be\/2026\/01\/02\/frais-professionnels-lerreur-qui-coute-cher-aux-independants\/"},"author":{"name":"Maxime Lejeune","@id":"https:\/\/bvm-accounting.be\/#\/schema\/person\/643a9833671de9ce5360f1c4f531538e"},"headline":"Frais professionnels : l\u2019erreur qui co\u00fbte cher aux ind\u00e9pendants","datePublished":"2026-01-02T12:09:24+00:00","dateModified":"2026-01-06T14:18:38+00:00","mainEntityOfPage":{"@id":"https:\/\/bvm-accounting.be\/2026\/01\/02\/frais-professionnels-lerreur-qui-coute-cher-aux-independants\/"},"wordCount":490,"commentCount":0,"publisher":{"@id":"https:\/\/bvm-accounting.be\/#organization"},"image":{"@id":"https:\/\/bvm-accounting.be\/2026\/01\/02\/frais-professionnels-lerreur-qui-coute-cher-aux-independants\/#primaryimage"},"thumbnailUrl":"https:\/\/bvm-accounting.be\/wp-content\/uploads\/2026\/01\/frais-deductible-1.jpg","articleSection":["Uncategorized"],"inLanguage":"nl-NL","potentialAction":[{"@type":"CommentAction","name":"Comment","target":["https:\/\/bvm-accounting.be\/2026\/01\/02\/frais-professionnels-lerreur-qui-coute-cher-aux-independants\/#respond"]}]},{"@type":"WebPage","@id":"https:\/\/bvm-accounting.be\/2026\/01\/02\/frais-professionnels-lerreur-qui-coute-cher-aux-independants\/","url":"https:\/\/bvm-accounting.be\/2026\/01\/02\/frais-professionnels-lerreur-qui-coute-cher-aux-independants\/","name":"Frais professionnels : l\u2019erreur qui co\u00fbte cher aux ind\u00e9pendants - BVM ACCOUNTING","isPartOf":{"@id":"https:\/\/bvm-accounting.be\/#website"},"primaryImageOfPage":{"@id":"https:\/\/bvm-accounting.be\/2026\/01\/02\/frais-professionnels-lerreur-qui-coute-cher-aux-independants\/#primaryimage"},"image":{"@id":"https:\/\/bvm-accounting.be\/2026\/01\/02\/frais-professionnels-lerreur-qui-coute-cher-aux-independants\/#primaryimage"},"thumbnailUrl":"https:\/\/bvm-accounting.be\/wp-content\/uploads\/2026\/01\/frais-deductible-1.jpg","datePublished":"2026-01-02T12:09:24+00:00","dateModified":"2026-01-06T14:18:38+00:00","breadcrumb":{"@id":"https:\/\/bvm-accounting.be\/2026\/01\/02\/frais-professionnels-lerreur-qui-coute-cher-aux-independants\/#breadcrumb"},"inLanguage":"nl-NL","potentialAction":[{"@type":"ReadAction","target":["https:\/\/bvm-accounting.be\/2026\/01\/02\/frais-professionnels-lerreur-qui-coute-cher-aux-independants\/"]}]},{"@type":"ImageObject","inLanguage":"nl-NL","@id":"https:\/\/bvm-accounting.be\/2026\/01\/02\/frais-professionnels-lerreur-qui-coute-cher-aux-independants\/#primaryimage","url":"https:\/\/bvm-accounting.be\/wp-content\/uploads\/2026\/01\/frais-deductible-1.jpg","contentUrl":"https:\/\/bvm-accounting.be\/wp-content\/uploads\/2026\/01\/frais-deductible-1.jpg","width":1920,"height":1280},{"@type":"BreadcrumbList","@id":"https:\/\/bvm-accounting.be\/2026\/01\/02\/frais-professionnels-lerreur-qui-coute-cher-aux-independants\/#breadcrumb","itemListElement":[{"@type":"ListItem","position":1,"name":"Accueil","item":"https:\/\/bvm-accounting.be\/"},{"@type":"ListItem","position":2,"name":"Frais professionnels : l\u2019erreur qui co\u00fbte cher aux ind\u00e9pendants"}]},{"@type":"WebSite","@id":"https:\/\/bvm-accounting.be\/#website","url":"https:\/\/bvm-accounting.be\/","name":"BVM ACCOUNTING","description":"Votre bureau comptable \u00e0 dimension humaine","publisher":{"@id":"https:\/\/bvm-accounting.be\/#organization"},"potentialAction":[{"@type":"SearchAction","target":{"@type":"EntryPoint","urlTemplate":"https:\/\/bvm-accounting.be\/?s={search_term_string}"},"query-input":{"@type":"PropertyValueSpecification","valueRequired":true,"valueName":"search_term_string"}}],"inLanguage":"nl-NL"},{"@type":"Organization","@id":"https:\/\/bvm-accounting.be\/#organization","name":"BVM","url":"https:\/\/bvm-accounting.be\/","logo":{"@type":"ImageObject","inLanguage":"nl-NL","@id":"https:\/\/bvm-accounting.be\/#\/schema\/logo\/image\/","url":"https:\/\/bvm-accounting.be\/wp-content\/uploads\/2026\/01\/logo_220-85.png","contentUrl":"https:\/\/bvm-accounting.be\/wp-content\/uploads\/2026\/01\/logo_220-85.png","width":219,"height":85,"caption":"BVM"},"image":{"@id":"https:\/\/bvm-accounting.be\/#\/schema\/logo\/image\/"}},{"@type":"Person","@id":"https:\/\/bvm-accounting.be\/#\/schema\/person\/643a9833671de9ce5360f1c4f531538e","name":"Maxime Lejeune","image":{"@type":"ImageObject","inLanguage":"nl-NL","@id":"https:\/\/secure.gravatar.com\/avatar\/886b1a373aecadb899ce960069566bac861307cc704292c1288c93436eba8169?s=96&d=mm&r=g","url":"https:\/\/secure.gravatar.com\/avatar\/886b1a373aecadb899ce960069566bac861307cc704292c1288c93436eba8169?s=96&d=mm&r=g","contentUrl":"https:\/\/secure.gravatar.com\/avatar\/886b1a373aecadb899ce960069566bac861307cc704292c1288c93436eba8169?s=96&d=mm&r=g","caption":"Maxime Lejeune"},"url":"https:\/\/bvm-accounting.be\/nl\/author\/he136559students-ephec-be\/"}]}},"_links":{"self":[{"href":"https:\/\/bvm-accounting.be\/nl\/wp-json\/wp\/v2\/posts\/22","targetHints":{"allow":["GET"]}}],"collection":[{"href":"https:\/\/bvm-accounting.be\/nl\/wp-json\/wp\/v2\/posts"}],"about":[{"href":"https:\/\/bvm-accounting.be\/nl\/wp-json\/wp\/v2\/types\/post"}],"author":[{"embeddable":true,"href":"https:\/\/bvm-accounting.be\/nl\/wp-json\/wp\/v2\/users\/2"}],"replies":[{"embeddable":true,"href":"https:\/\/bvm-accounting.be\/nl\/wp-json\/wp\/v2\/comments?post=22"}],"version-history":[{"count":2,"href":"https:\/\/bvm-accounting.be\/nl\/wp-json\/wp\/v2\/posts\/22\/revisions"}],"predecessor-version":[{"id":495,"href":"https:\/\/bvm-accounting.be\/nl\/wp-json\/wp\/v2\/posts\/22\/revisions\/495"}],"wp:featuredmedia":[{"embeddable":true,"href":"https:\/\/bvm-accounting.be\/nl\/wp-json\/wp\/v2\/media\/443"}],"wp:attachment":[{"href":"https:\/\/bvm-accounting.be\/nl\/wp-json\/wp\/v2\/media?parent=22"}],"wp:term":[{"taxonomy":"category","embeddable":true,"href":"https:\/\/bvm-accounting.be\/nl\/wp-json\/wp\/v2\/categories?post=22"},{"taxonomy":"post_tag","embeddable":true,"href":"https:\/\/bvm-accounting.be\/nl\/wp-json\/wp\/v2\/tags?post=22"}],"curies":[{"name":"wp","href":"https:\/\/api.w.org\/{rel}","templated":true}]}}